[{"@context":"https:\/\/schema.org\/","@type":"Article","@id":"https:\/\/www.bidrin.cz\/trideni-a-uklid\/#Article","mainEntityOfPage":"https:\/\/www.bidrin.cz\/trideni-a-uklid\/","headline":"T\u0159\u00edd\u011bn\u00ed a \u00faklid","name":"T\u0159\u00edd\u011bn\u00ed a \u00faklid","description":"M\u00e1te mal\u00fd dome\u010dek nebo byt a za\u010d\u00ednaj\u00ed se v\u00e1m tam hromadit v\u011bci? Co s t\u00edm? Nebylo by mo\u017en\u00e1 \u0161patn\u00e9 to p\u0159ebrat a n\u011b\u010deho se zbavit, nebo se zeptat zn\u00e1m\u00fdch jestli by nem\u011bli o n\u011bjakou v\u011bc z\u00e1jem. N\u011bkdy je to t\u011b\u017ek\u00e9 hlavn\u011b kdy\u017e si k dan\u00e9 v\u011bci jak se \u0159\u00edk\u00e1 vytvo\u0159\u00edme citov\u00fd vztah. Pak je to [&hellip;]","datePublished":"2023-10-13","dateModified":"2023-11-14","author":{"@type":"Person","@id":"https:\/\/www.bidrin.cz\/author\/#Person","name":"","url":"https:\/\/www.bidrin.cz\/author\/","identifier":1,"image":{"@type":"ImageObject","@id":"https:\/\/secure.gravatar.com\/avatar\/b682f75cb96d085fca5fbc8ca3f08e323444e236f6e6028585b73de81c46f711?s=96&d=mm&r=g","url":"https:\/\/secure.gravatar.com\/avatar\/b682f75cb96d085fca5fbc8ca3f08e323444e236f6e6028585b73de81c46f711?s=96&d=mm&r=g","height":96,"width":96}},"publisher":{"@type":"Organization","name":"bidrin.cz","logo":{"@type":"ImageObject","@id":"\/logo.png","url":"\/logo.png","width":600,"height":60}},"image":{"@type":"ImageObject","@id":"https:\/\/www.bidrin.cz\/wp-content\/uploads\/transport-6808184_640_4.png","url":"https:\/\/www.bidrin.cz\/wp-content\/uploads\/transport-6808184_640_4.png","height":0,"width":0},"url":"https:\/\/www.bidrin.cz\/trideni-a-uklid\/","about":["Spole\u010dnosti"],"wordCount":461,"articleBody":"   M\u00e1te mal\u00fd dome\u010dek nebo byt a za\u010d\u00ednaj\u00ed se v\u00e1m tam hromadit v\u011bci? Co s t\u00edm? Nebylo by mo\u017en\u00e1 \u0161patn\u00e9 to p\u0159ebrat a n\u011b\u010deho se zbavit, nebo se zeptat zn\u00e1m\u00fdch jestli by nem\u011bli o n\u011bjakou v\u011bc z\u00e1jem. N\u011bkdy je to t\u011b\u017ek\u00e9 hlavn\u011b kdy\u017e si k dan\u00e9 v\u011bci jak se \u0159\u00edk\u00e1 vytvo\u0159\u00edme citov\u00fd vztah. Pak je to opravdu hodn\u011b t\u011b\u017ek\u00e9. Kdy\u017e bydl\u00edte na d\u011bdin\u011b je to mnohem jednodu\u0161\u0161\u00ed. Dok\u00e1\u017eete milovanou v\u011bc schovat na p\u016fdu nebo do k\u016flni\u010dky. A kdykoliv ji m\u016f\u017eete odtud p\u0159in\u00e9st a opr\u00e1\u0161it ani\u017e by jste se zbavili. Probl\u00e9my s prostorem a v\u011bcmi vznikaj\u00ed v\u011bt\u0161inou v mal\u00fdch bytech a nav\u00edc kdy\u017e tam bydl\u00ed rodina kter\u00e1 se rozr\u016fst\u00e1. Co te\u010f?Existuje u\u017e zm\u00edn\u011bn\u00e9 \u0159e\u0161en\u00ed ale taky je\u0161t\u011b jedno s kter\u00fdm to mo\u017en\u00e1 nebude a\u017e tak lehk\u00e9 jak\u00e9? Po\u0159\u00eddit si v\u011bt\u0161\u00ed byt nebo opravdu nejide\u00e1ln\u011bj\u0161\u00ed n\u011bjak\u00fd i star\u0161\u00ed domek. V tom p\u0159\u00edpad\u011b ov\u0161em mus\u00ed zasednout rodinn\u00e1 rada. Pokud jsou d\u011bti je\u0161t\u011b mal\u00e9 a\u017e tak to nevad\u00ed. Hor\u0161\u00ed je to u\u017e s v\u011bt\u0161\u00edmi d\u011btmi. Jestli by to byla koup\u011b bytu ve m\u011bst\u011b ve kter\u00e9m bydl\u00edte nen\u00ed probl\u00e9m. Lokalitu dome\u010dku by v\u0161ak m\u011bla b\u00fdt co nejbl\u00ed\u017ee prostor\u016fm \u0161koly i pracovi\u0161t\u011b dan\u00e9 rodiny. Ur\u010dit\u011b pom\u016f\u017eou zn\u00e1m\u00fd, n\u011bjak\u00fd ten inzer\u00e1t a taky v dne\u0161n\u00ed dob\u011b obl\u00edben\u00e1 realitn\u00ed kancel\u00e1\u0159. A je to tady! Koup\u011b se poda\u0159ila. Te\u010f ov\u0161em doch\u00e1z\u00ed k men\u0161\u00edmu probl\u00e9mu jak v\u0161echny v\u011bci p\u0159em\u00edstit ze star\u00e9ho bydlen\u00ed do nov\u00e9ho.My bychom m\u011bli pro v\u00e1s radu nebo nab\u00eddku. A tou je st\u011bhovac\u00ed slu\u017eba Plze\u0148. Kliknut\u00edm na odkaz v tomhle \u010dl\u00e1nku se p\u0159esunete do prostor t\u00e9to firmy. M\u016f\u017eete si p\u0159e\u010d\u00edst v\u0161e o t\u00e9to slu\u017eb\u011b. Ur\u010dit\u011b si pamatujete na st\u011bhov\u00e1n\u00ed v minulosti. P\u016flka rozbit\u00e9ho n\u00e1dob\u00ed, otlu\u010den\u00e9 sk\u0159\u00edn\u011b. To u\u017e asi nechce za\u017e\u00edt \u017e\u00e1dn\u00e1 \u017eena. N\u00e1v\u0161t\u011bvou na str\u00e1nk\u00e1ch t\u00e9to firmy zjist\u00edte \u017ee se jedn\u00e1 o profesion\u00e1ly kter\u00fdm m\u016f\u017eete d\u016fv\u011b\u0159ovat a nehroz\u00ed \u017e\u00e1dn\u00e9 nehody. Tak\u017ee kdy\u017e se zav\u0159e st\u011bhovac\u00ed v\u016fz nemus\u00edte b\u00fdt ve stresu. V\u00e1\u0161 ve\u0161ker\u00fd n\u00e1bytek si pak m\u016f\u017eete ulo\u017eit v nov\u00e9m byt\u011b. A v\u011b\u0159\u00edm \u017ee jejich slu\u017eeb v p\u0159\u00edpad\u011b pot\u0159eby kdykoliv vyu\u017eijete.                                                                                                                                                                                                                                                                                                                                                                                                  "},{"@context":"https:\/\/schema.org\/","@type":"BreadcrumbList","itemListElement":[{"@type":"ListItem","position":1,"name":"T\u0159\u00edd\u011bn\u00ed a \u00faklid","item":"https:\/\/www.bidrin.cz\/trideni-a-uklid\/#breadcrumbitem"}]}]