[{"@context":"https:\/\/schema.org\/","@type":"Article","@id":"https:\/\/www.bidrin.cz\/pro-vasi-kancelar-mame-spravny-sedaci-nabytek\/#Article","mainEntityOfPage":"https:\/\/www.bidrin.cz\/pro-vasi-kancelar-mame-spravny-sedaci-nabytek\/","headline":"Pro Va\u0161i kancel\u00e1\u0159 m\u00e1me spr\u00e1vn\u00fd sedac\u00ed n\u00e1bytek","name":"Pro Va\u0161i kancel\u00e1\u0159 m\u00e1me spr\u00e1vn\u00fd sedac\u00ed n\u00e1bytek","description":"Pro Va\u0161i kancel\u00e1\u0159 m\u00e1me spr\u00e1vn\u00fd sedac\u00ed n\u00e1bytek. Specializujeme se na pracovn\u00ed a konferen\u010dn\u00ed \u017eidle, kancel\u00e1\u0159sk\u00e1 k\u0159esla a ostatn\u00ed dopl\u0148ky. Kvalitn\u00ed pracovn\u00ed prost\u0159ed\u00ed d\u011bl\u00e1 firmu firmou a spokojen\u00e9 zam\u011bstnance. Za\u0159i\u010fte kancel\u00e1\u0159 v\u00fdhodn\u011b a vyu\u017eijte na\u0161\u00ed nab\u00eddky. A\u0165 vyb\u00edr\u00e1te n\u00e1bytek do zasedac\u00ed m\u00edstnosti nebo pro hostitelskou klientelu, ur\u010dit\u011b je d\u016fle\u017eit\u00e9, jak dlouh\u00e1 jsou Va\u0161e jedn\u00e1n\u00ed. Pr\u00e1ci zam\u011bstnanc\u016f [&hellip;]","datePublished":"2024-01-23","dateModified":"2024-01-23","author":{"@type":"Person","@id":"https:\/\/www.bidrin.cz\/author\/#Person","name":"","url":"https:\/\/www.bidrin.cz\/author\/","identifier":1,"image":{"@type":"ImageObject","@id":"https:\/\/secure.gravatar.com\/avatar\/b682f75cb96d085fca5fbc8ca3f08e323444e236f6e6028585b73de81c46f711?s=96&d=mm&r=g","url":"https:\/\/secure.gravatar.com\/avatar\/b682f75cb96d085fca5fbc8ca3f08e323444e236f6e6028585b73de81c46f711?s=96&d=mm&r=g","height":96,"width":96}},"publisher":{"@type":"Organization","name":"bidrin.cz","logo":{"@type":"ImageObject","@id":"\/logo.png","url":"\/logo.png","width":600,"height":60}},"url":"https:\/\/www.bidrin.cz\/pro-vasi-kancelar-mame-spravny-sedaci-nabytek\/","wordCount":171,"articleBody":"Pro Va\u0161i kancel\u00e1\u0159 m\u00e1me spr\u00e1vn\u00fd sedac\u00ed n\u00e1bytek. Specializujeme se na pracovn\u00eda konferen\u010dn\u00ed \u017eidle, kancel\u00e1\u0159sk\u00e1 k\u0159esla a ostatn\u00ed dopl\u0148ky. Kvalitn\u00ed pracovn\u00ed prost\u0159ed\u00ed d\u011bl\u00e1 firmu firmou a spokojen\u00e9 zam\u011bstnance. Za\u0159i\u010fte kancel\u00e1\u0159 v\u00fdhodn\u011b a vyu\u017eijte na\u0161\u00ed nab\u00eddky.A\u0165 vyb\u00edr\u00e1te n\u00e1bytek do zasedac\u00ed m\u00edstnosti nebo pro hostitelskou klientelu, ur\u010dit\u011b je d\u016fle\u017eit\u00e9, jak dlouh\u00e1 jsou Va\u0161e jedn\u00e1n\u00ed. Pr\u00e1ci zam\u011bstnanc\u016f zase ovliv\u0148uje d\u00e9lka sezen\u00ed, \u010dinnosta pohyb u stolu. Zvol\u00edte-li konferen\u010dn\u00ed \u017eidle m\u016f\u017eete m\u00edt z\u00e1kladn\u00ed typ nebo nastaviteln\u00e9.\tVa\u0161e spokojenost a v\u00fdhodyUr\u010dit\u011b V\u00e1s zaj\u00edm\u00e1 i design. Nab\u00eddku je sestaven\u00e1 v z\u00e1kladn\u00edch \u0159ad\u00e1ch a s polohovac\u00edmi mechanismy. U ka\u017ed\u00e9ho typu lze design konferen\u010dn\u00ed \u017eidle sladit s vybaven\u00edm kancel\u00e1\u0159e. Nab\u00edz\u00edme V\u00e1m kvalitu za n\u00edzk\u00e9 ceny a slevy p\u0159i mno\u017estevn\u00edm odb\u011bru.                                                                                                                                                                                                                                                                                                                                                                                                "},{"@context":"https:\/\/schema.org\/","@type":"BreadcrumbList","itemListElement":[{"@type":"ListItem","position":1,"name":"Pro Va\u0161i kancel\u00e1\u0159 m\u00e1me spr\u00e1vn\u00fd sedac\u00ed n\u00e1bytek","item":"https:\/\/www.bidrin.cz\/pro-vasi-kancelar-mame-spravny-sedaci-nabytek\/#breadcrumbitem"}]}]