[{"@context":"https:\/\/schema.org\/","@type":"Article","@id":"https:\/\/www.bidrin.cz\/neshody-mezi-najemniky-komplikuji-uklid-v-panelaku\/#Article","mainEntityOfPage":"https:\/\/www.bidrin.cz\/neshody-mezi-najemniky-komplikuji-uklid-v-panelaku\/","headline":"Neshody mezi n\u00e1jemn\u00edky komplikuj\u00ed \u00faklid v panel\u00e1ku","name":"Neshody mezi n\u00e1jemn\u00edky komplikuj\u00ed \u00faklid v panel\u00e1ku","description":"Tak\u00e9 \u0159e\u0161\u00edte \u00faklid v panel\u00e1ku, respektive pouze v jeho spole\u010dn\u00fdch prostor\u00e1ch r\u016fzn\u00fdmi h\u00e1dkami a dohady? Nedok\u00e1\u017eete se shodnout na alespo\u0148 z\u00e1kladn\u00edch pravidlech slu\u0161n\u00e9ho chov\u00e1n\u00ed a vst\u0159\u00edcnosti a mezi v\u00e1mi, co ukl\u00edz\u00edte pravideln\u011b dle rozpisu jsou i tac\u00ed, kte\u0159\u00ed \u00faklid naprosto ignoruj\u00ed? Pak by pro v\u00e1s byl vhodn\u00fd postup skrze extern\u00ed \u00faklidovou firmu. O co se [&hellip;]","datePublished":"2023-10-10","dateModified":"2023-12-04","author":{"@type":"Person","@id":"https:\/\/www.bidrin.cz\/author\/#Person","name":"","url":"https:\/\/www.bidrin.cz\/author\/","identifier":1,"image":{"@type":"ImageObject","@id":"https:\/\/secure.gravatar.com\/avatar\/b682f75cb96d085fca5fbc8ca3f08e323444e236f6e6028585b73de81c46f711?s=96&d=mm&r=g","url":"https:\/\/secure.gravatar.com\/avatar\/b682f75cb96d085fca5fbc8ca3f08e323444e236f6e6028585b73de81c46f711?s=96&d=mm&r=g","height":96,"width":96}},"publisher":{"@type":"Organization","name":"bidrin.cz","logo":{"@type":"ImageObject","@id":"\/logo.png","url":"\/logo.png","width":600,"height":60}},"image":{"@type":"ImageObject","@id":"https:\/\/www.bidrin.cz\/wp-content\/uploads\/clean-1346685_640.jpg","url":"https:\/\/www.bidrin.cz\/wp-content\/uploads\/clean-1346685_640.jpg","height":0,"width":0},"url":"https:\/\/www.bidrin.cz\/neshody-mezi-najemniky-komplikuji-uklid-v-panelaku\/","about":["Spole\u010dnosti"],"wordCount":403,"articleBody":"      Tak\u00e9 \u0159e\u0161\u00edte \u00faklid v panel\u00e1ku, respektive pouze v jeho spole\u010dn\u00fdch prostor\u00e1ch r\u016fzn\u00fdmi h\u00e1dkami a dohady? Nedok\u00e1\u017eete se shodnout na alespo\u0148 z\u00e1kladn\u00edch pravidlech slu\u0161n\u00e9ho chov\u00e1n\u00ed a vst\u0159\u00edcnosti a mezi v\u00e1mi, co ukl\u00edz\u00edte pravideln\u011b dle rozpisu jsou i tac\u00ed, kte\u0159\u00ed \u00faklid naprosto ignoruj\u00ed? Pak by pro v\u00e1s byl vhodn\u00fd postup skrze extern\u00ed \u00faklidovou firmu. O co se dovede postarat a co za v\u00e1s tito lid\u00e9 vy\u0159e\u0161\u00ed?Um\u00fdv\u00e1n\u00ed oken \u2013 jedna z nejnebezpe\u010dn\u011bj\u0161\u00edch \u010dinnost\u00ed v r\u00e1mci \u00faklidov\u00fdch prac\u00ed. N\u011bkte\u0159\u00ed lid\u00e9 se zdr\u00e1haj\u00ed m\u00fdt okna ve vy\u0161\u0161\u00edch patrech, a maj\u00ed pro\u010d, proto\u017ee pouh\u00e9 podklouznut\u00ed, ztr\u00e1ta rovnov\u00e1hy a jedin\u00fd ne\u0161ikovn\u00fd pohyb mohou ukon\u010dit b\u011bhem zlomku vte\u0159iny v\u00e1\u0161 \u017eivot.Schodi\u0161t\u011b \u2013 myt\u00ed schod\u016f a prostor v mezipatrech je b\u011b\u017en\u00e9 a \u00faklidov\u00e9 slu\u017eby Ostrava https:\/\/tnuklid.cz\/ tuto pr\u00e1ci zastanou zcela bez probl\u00e9m\u016f. Nemus\u00edte pak \u0159e\u0161it, zda pan Lud\u011bk vyt\u0159el schody v druh\u00e9m pat\u0159e, kdy\u017e o n\u011bm v\u00edte, \u017ee mu \u00faklidov\u00e9 pr\u00e1ce moc nevon\u00ed.V\u00fdtah \u2013 \u00faklidov\u00e9 pr\u00e1ce se t\u00fdkaj\u00ed i v\u00fdtah\u016f v panelov\u00fdch domech, tedy samoz\u0159ejm\u011b nikoli v\u00fdtahov\u00e9 \u0161achty, ale vnit\u0159n\u00edch prostor kabinky. \u00daklid v t\u011bchto m\u00edstech se vztahuje na v\u00fdtahy osobn\u00ed i n\u00e1kladn\u00ed.Vstupn\u00ed vestibul \u2013 na toto se ob\u010das p\u0159i spole\u010dn\u00e9m \u00faklidu zapom\u00edn\u00e1, a tak se tu objevuj\u00ed za\u0161lapan\u00e9 cesti\u010dky od prachu s bl\u00e1tem a po\u0161tovn\u00ed schr\u00e1nky a vstupn\u00ed prosklen\u00e9 dve\u0159e tu tak\u00e9 neb\u00fdvaj\u00ed dobrou vizitkou. Pamatujte, \u017ee ka\u017ed\u00e1 n\u00e1v\u0161t\u011bva, kter\u00e1 vstoup\u00ed do va\u0161eho domu, vn\u00edm\u00e1 citliv\u011b i tyto prostory.Sklep \u2013 pamatujete se na film \u201eKulov\u00fd blesk\u201c, jak kv\u016fli pan\u00ed Jechov\u00e9 Josef Abrh\u00e1m podnikal nebezpe\u010dn\u00e9 a n\u00e1ro\u010dn\u00e9 kousky se st\u011bhov\u00e1n\u00edm uhl\u00ed se sklepn\u00edch k\u00f3j\u00ed? Toto se na\u0161t\u011bst\u00ed dnes ji\u017e v \u010din\u017eovn\u00edch domech nevyskytuje, ale i p\u0159esto m\u00e1 \u00faklidov\u00e1 firma co na pr\u00e1ci. Vyt\u0159\u00edt podlahu, ut\u0159\u00edt prach, um\u00fdt dve\u0159e a okna ve sklepn\u00edch prostor\u00e1ch, p\u0159\u00edpadn\u011b prov\u00e9st dezinfekci \u010di odstran\u011bn\u00ed hrub\u0161\u00edch ne\u010distot (bl\u00e1ta, kamen\u016f apod.) je tak\u00e9 \u010das od \u010dasu nutn\u00e9.                                                                                                                                                                                                                                                                                                                                                                                                  "},{"@context":"https:\/\/schema.org\/","@type":"BreadcrumbList","itemListElement":[{"@type":"ListItem","position":1,"name":"Neshody mezi n\u00e1jemn\u00edky komplikuj\u00ed \u00faklid v panel\u00e1ku","item":"https:\/\/www.bidrin.cz\/neshody-mezi-najemniky-komplikuji-uklid-v-panelaku\/#breadcrumbitem"}]}]