[{"@context":"https:\/\/schema.org\/","@type":"Article","@id":"https:\/\/www.bidrin.cz\/dovolena-na-ceskobudejovicku-po-cely-rok\/#Article","mainEntityOfPage":"https:\/\/www.bidrin.cz\/dovolena-na-ceskobudejovicku-po-cely-rok\/","headline":"Dovolen\u00e1 na \u010ceskobud\u011bjovicku po cel\u00fd rok","name":"Dovolen\u00e1 na \u010ceskobud\u011bjovicku po cel\u00fd rok","description":"Bydl\u00edte v n\u011bjak\u00e9m velk\u00e9m m\u011bst\u011b a chyst\u00e1te se na dovolenou do p\u0159\u00edrody, nejl\u00e9pe v tuzemsku? A domn\u00edv\u00e1te se, \u017ee kdybychom v\u00e1m nab\u00eddli pobyt v penzionu v \u010cesk\u00fdch Bud\u011bjovic\u00edch Penzion u Rudolfa, \u017ee byste jej s d\u00edky odm\u00edtli, proto\u017ee p\u0159ece nebudete pl\u00e1novat pobyt v dal\u0161\u00edm m\u011bstsk\u00e9m prost\u0159ed\u00ed? Pak bychom v\u00e1s mohli n\u011bkter\u00fdmi argumenty p\u0159esv\u011bd\u010dit o tom, [&hellip;]","datePublished":"2023-12-15","dateModified":"2024-01-16","author":{"@type":"Person","@id":"https:\/\/www.bidrin.cz\/author\/#Person","name":"","url":"https:\/\/www.bidrin.cz\/author\/","identifier":1,"image":{"@type":"ImageObject","@id":"https:\/\/secure.gravatar.com\/avatar\/b682f75cb96d085fca5fbc8ca3f08e323444e236f6e6028585b73de81c46f711?s=96&d=mm&r=g","url":"https:\/\/secure.gravatar.com\/avatar\/b682f75cb96d085fca5fbc8ca3f08e323444e236f6e6028585b73de81c46f711?s=96&d=mm&r=g","height":96,"width":96}},"publisher":{"@type":"Organization","name":"bidrin.cz","logo":{"@type":"ImageObject","@id":"\/logo.png","url":"\/logo.png","width":600,"height":60}},"image":{"@type":"ImageObject","@id":"https:\/\/www.bidrin.cz\/wp-content\/uploads\/the-trees-in-the-fall-2052252_640.jpg","url":"https:\/\/www.bidrin.cz\/wp-content\/uploads\/the-trees-in-the-fall-2052252_640.jpg","height":0,"width":0},"url":"https:\/\/www.bidrin.cz\/dovolena-na-ceskobudejovicku-po-cely-rok\/","about":["Spole\u010dnosti"],"wordCount":436,"articleBody":"   Bydl\u00edte v n\u011bjak\u00e9m velk\u00e9m m\u011bst\u011b a chyst\u00e1te se na dovolenou do p\u0159\u00edrody, nejl\u00e9pe v tuzemsku? A domn\u00edv\u00e1te se, \u017ee kdybychom v\u00e1m nab\u00eddli pobyt v penzionu v \u010cesk\u00fdch Bud\u011bjovic\u00edch Penzion u Rudolfa, \u017ee byste jej s d\u00edky odm\u00edtli, proto\u017ee p\u0159ece nebudete pl\u00e1novat pobyt v dal\u0161\u00edm m\u011bstsk\u00e9m prost\u0159ed\u00ed? Pak bychom v\u00e1s mohli n\u011bkter\u00fdmi argumenty p\u0159esv\u011bd\u010dit o tom, \u017ee to s dovolenou ve m\u011bst\u011b nem\u00e1 nic spole\u010dn\u00e9ho.Okrajov\u00e1 \u010d\u00e1st m\u011bsta \u2013 vhodn\u00e9 ubytov\u00e1n\u00ed v \u010cesk\u00fdch Bud\u011bjovic\u00edch p\u0159ipad\u00e1 v \u00favahu tehdy, je-li penzion um\u00edst\u011bn mimo m\u011bstsk\u00e9 centrum i mimo okrajov\u00e1 s\u00eddli\u0161t\u011b, nejl\u00e9pe v bl\u00edzkosti m\u011bstsk\u00e9ho parku. Je tu skute\u010dn\u00fd klid, p\u0159\u00edjemn\u00e9 prost\u0159ed\u00ed, p\u011b\u0161ky to m\u00e1te do centra jen kousek a m\u00ed\u0159\u00edte p\u0159es rozs\u00e1hl\u00fd park Stromovka k soutoku Mal\u0161e s Vltavou a k Sokolsk\u00e9mu ostrovu.Jednodenn\u00ed v\u00fdlety \u2013 \u010cesk\u00e9 Bud\u011bjovice se nach\u00e1z\u00ed ve velmi v\u00fdhodn\u00e9 poloze v\u016f\u010di p\u0159\u00edrodn\u00edm kr\u00e1s\u00e1m v okol\u00ed. Rozlo\u017ete si p\u0159ed sebou pap\u00edrovou turistickou mapu v m\u011b\u0159\u00edtku 1:50 000 a z\u00e1hy zjist\u00edte, \u017ee m\u00e1me pravdu. V\u00fdchodn\u00edm sm\u011brem zav\u00edt\u00e1te do T\u0159ebon\u011b a k malebn\u00e9mu horn\u00edmu toku Lu\u017enice. Sm\u011brem na sever se pouh\u00fdch deset kilometr\u016f od centra m\u011bsta nach\u00e1z\u00ed z\u00e1mek Hlubok\u00e1 nad Vltavou a nedalek\u00fd rybn\u00edk Bezdrev, obl\u00edben\u00fd jako rekrea\u010dn\u00ed lokalita pro kempov\u00e1n\u00ed a vodn\u00ed sporty. A budete-li sledovat tok Vltavy proti jej\u00edmu proudu, uv\u00edt\u00e1 v\u00e1s krajina Blansk\u00e9ho lesa, tajemn\u00e9ho a velmi romantick\u00e9ho poho\u0159\u00ed s nejvy\u0161\u0161\u00edm vrcholem Klet\u00ed, kter\u00e1 tvo\u0159\u00ed krajinnou dominantu nad \u010cesk\u00fdmi Bud\u011bjovicemi i \u010cesk\u00fdm Krumlovem.Dovolen\u00e1 po cel\u00fd rok \u2013 Na \u010ceskobud\u011bjovicku je kr\u00e1sn\u011b od jara do zimy, m\u016f\u017eete tu pro\u017e\u00edt b\u00e1je\u010dn\u00fd Advent a v\u00e1no\u010dn\u00ed sv\u00e1tky, oslavit p\u0159\u00edchod Nov\u00e9ho roku, p\u0159iv\u00edtat jaro s kvetouc\u00edmi stromy v parc\u00edch, proj\u00edt se v l\u00e9t\u011b po bosonoh\u00e9m chodn\u00edku u Jir\u00e1skova mostu, vypravit se na kole po cyklostezce pod\u00e9l Vltavy nebo si \u0159eku rovnou splout, t\u0159eba a\u017e z Vy\u0161\u0161\u00edho Brodu. A (nejen) na podzim v\u00e1s p\u0159iv\u00edt\u00e1 n\u011bkter\u00e1 z tamn\u00edch cukr\u00e1ren, \u010dajoven a restaurac\u00ed v historick\u00e9m m\u011bstsk\u00e9m j\u00e1dru, kde je p\u0159\u00edjemn\u00e9 posezen\u00ed.                                                                                                                                                                                                                                                                                                                                                                                                  "},{"@context":"https:\/\/schema.org\/","@type":"BreadcrumbList","itemListElement":[{"@type":"ListItem","position":1,"name":"Dovolen\u00e1 na \u010ceskobud\u011bjovicku po cel\u00fd rok","item":"https:\/\/www.bidrin.cz\/dovolena-na-ceskobudejovicku-po-cely-rok\/#breadcrumbitem"}]}]